{"id":92,"date":"2026-03-09T15:07:03","date_gmt":"2026-03-09T15:07:03","guid":{"rendered":"https:\/\/amisdejaillans.fr\/?p=92"},"modified":"2026-03-19T16:22:54","modified_gmt":"2026-03-19T16:22:54","slug":"medievales","status":"publish","type":"post","link":"https:\/\/amisdejaillans.fr\/index.php\/2026\/03\/09\/medievales\/","title":{"rendered":"R\u00e9union publique d&#8217;information sur les M\u00e9di\u00e9vales 2026"},"content":{"rendered":"\n<p>09\/03\/2026<\/p>\n\n\n\n<p class=\"is-style-default has-medium-font-size\">\ud83d\udcc5 <strong>Mardi 7 avril \u00e0 19h<\/strong><br><br><strong>R\u00e9union d\u2019information \u2013 Les M\u00e9di\u00e9vales de Jaillans<\/strong><br>\ud83d\udccd Salle du Patronage \u2013 Ouverte \u00e0 toutes et \u00e0 tous<br><br>Fort du succ\u00e8s des M\u00e9di\u00e9vales 2025, nous pr\u00e9parons d\u00e9j\u00e0 l\u2019\u00e9dition 2026 !<\/p>\n\n\n\n<p class=\"has-medium-font-size\">Au programme de cette r\u00e9union publique :<br>\u2022 Pr\u00e9sentation du programme pr\u00e9visionnel<br>\u2022 Pr\u00e9sentation du comit\u00e9 d\u2019organisation<br>\u2022 Recueil d\u2019id\u00e9es et de suggestions pour cette nouvelle \u00e9dition<br><\/p>\n\n\n\n<p class=\"has-medium-font-size\"><strong>Vos id\u00e9es, vos talents et votre \u00e9nergie seront pr\u00e9cieux pour faire de cet \u00e9v\u00e9nement une grande f\u00eate conviviale, \u00e0 l\u2019image de notre village.<\/strong><\/p>\n","protected":false},"excerpt":{"rendered":"<p>09\/03\/2026 \ud83d\udcc5 Mardi 7 avril \u00e0 19h R\u00e9union d\u2019information \u2013 Les M\u00e9di\u00e9vales de Jaillans\ud83d\udccd Salle du Patronage \u2013 Ouverte \u00e0 toutes et \u00e0 tous Fort du succ\u00e8s des M\u00e9di\u00e9vales 2025, nous pr\u00e9parons d\u00e9j\u00e0 l\u2019\u00e9dition 2026 ! Au programme de cette r\u00e9union publique :\u2022 Pr\u00e9sentation du programme pr\u00e9visionnel\u2022 Pr\u00e9sentation du comit\u00e9 d\u2019organisation\u2022 Recueil d\u2019id\u00e9es et de [&hellip;]<\/p>\n","protected":false},"author":1,"featured_media":19,"comment_status":"open","ping_status":"open","sticky":false,"template":"","format":"standard","meta":{"footnotes":""},"categories":[1],"tags":[],"class_list":["post-92","post","type-post","status-publish","format-standard","has-post-thumbnail","hentry","category-uncategorized"],"_links":{"self":[{"href":"https:\/\/amisdejaillans.fr\/index.php\/wp-json\/wp\/v2\/posts\/92","targetHints":{"allow":["GET"]}}],"collection":[{"href":"https:\/\/amisdejaillans.fr\/index.php\/wp-json\/wp\/v2\/posts"}],"about":[{"href":"https:\/\/amisdejaillans.fr\/index.php\/wp-json\/wp\/v2\/types\/post"}],"author":[{"embeddable":true,"href":"https:\/\/amisdejaillans.fr\/index.php\/wp-json\/wp\/v2\/users\/1"}],"replies":[{"embeddable":true,"href":"https:\/\/amisdejaillans.fr\/index.php\/wp-json\/wp\/v2\/comments?post=92"}],"version-history":[{"count":8,"href":"https:\/\/amisdejaillans.fr\/index.php\/wp-json\/wp\/v2\/posts\/92\/revisions"}],"predecessor-version":[{"id":365,"href":"https:\/\/amisdejaillans.fr\/index.php\/wp-json\/wp\/v2\/posts\/92\/revisions\/365"}],"wp:featuredmedia":[{"embeddable":true,"href":"https:\/\/amisdejaillans.fr\/index.php\/wp-json\/wp\/v2\/media\/19"}],"wp:attachment":[{"href":"https:\/\/amisdejaillans.fr\/index.php\/wp-json\/wp\/v2\/media?parent=92"}],"wp:term":[{"taxonomy":"category","embeddable":true,"href":"https:\/\/amisdejaillans.fr\/index.php\/wp-json\/wp\/v2\/categories?post=92"},{"taxonomy":"post_tag","embeddable":true,"href":"https:\/\/amisdejaillans.fr\/index.php\/wp-json\/wp\/v2\/tags?post=92"}],"curies":[{"name":"wp","href":"https:\/\/api.w.org\/{rel}","templated":true}]}}