{"id":1,"date":"2026-02-18T10:09:22","date_gmt":"2026-02-18T10:09:22","guid":{"rendered":"http:\/\/amisdejaillans.fr\/?p=1"},"modified":"2026-03-18T17:06:13","modified_gmt":"2026-03-18T17:06:13","slug":"hello-world","status":"publish","type":"post","link":"https:\/\/amisdejaillans.fr\/index.php\/2026\/02\/18\/hello-world\/","title":{"rendered":"Bienvenue sur le nouveau site des Amis de Jaillans !"},"content":{"rendered":"\n<p class=\"has-medium-font-size\"><br>L\u2019association des Amis de Jaillans est heureuse de vous annoncer le lancement de son nouveau site internet. <br><br>Pens\u00e9 comme un v\u00e9ritable <strong>espace d\u2019information et de partage<\/strong>, ce site a pour vocation de mieux faire conna\u00eetre nos actions, nos projets et les richesses du patrimoine local. <\/p>\n\n\n\n<p class=\"has-medium-font-size\">Vous y retrouverez toute l\u2019actualit\u00e9 de l\u2019association, les \u00e9v\u00e9nements \u00e0 venir, ainsi que des contenus d\u00e9di\u00e9s \u00e0 l\u2019histoire et aux lieux embl\u00e9matiques de Jaillans. <\/p>\n\n\n\n<p class=\"has-medium-font-size\">Accessible \u00e0 tous, ce nouvel outil a \u00e9t\u00e9 con\u00e7u pour <strong>renforcer le lien entre les habitants et faciliter l\u2019engagement de chacun dans la vie de l\u2019association<\/strong>.<\/p>\n\n\n\n<p><\/p>\n","protected":false},"excerpt":{"rendered":"<p>L\u2019association des Amis de Jaillans est heureuse de vous annoncer le lancement de son nouveau site internet. Pens\u00e9 comme un v\u00e9ritable espace d\u2019information et de partage, ce site a pour vocation de mieux faire conna\u00eetre nos actions, nos projets et les richesses du patrimoine local. Vous y retrouverez toute l\u2019actualit\u00e9 de l\u2019association, les \u00e9v\u00e9nements \u00e0 [&hellip;]<\/p>\n","protected":false},"author":1,"featured_media":21,"comment_status":"open","ping_status":"open","sticky":false,"template":"","format":"standard","meta":{"footnotes":""},"categories":[1],"tags":[],"class_list":["post-1","post","type-post","status-publish","format-standard","has-post-thumbnail","hentry","category-uncategorized"],"_links":{"self":[{"href":"https:\/\/amisdejaillans.fr\/index.php\/wp-json\/wp\/v2\/posts\/1","targetHints":{"allow":["GET"]}}],"collection":[{"href":"https:\/\/amisdejaillans.fr\/index.php\/wp-json\/wp\/v2\/posts"}],"about":[{"href":"https:\/\/amisdejaillans.fr\/index.php\/wp-json\/wp\/v2\/types\/post"}],"author":[{"embeddable":true,"href":"https:\/\/amisdejaillans.fr\/index.php\/wp-json\/wp\/v2\/users\/1"}],"replies":[{"embeddable":true,"href":"https:\/\/amisdejaillans.fr\/index.php\/wp-json\/wp\/v2\/comments?post=1"}],"version-history":[{"count":5,"href":"https:\/\/amisdejaillans.fr\/index.php\/wp-json\/wp\/v2\/posts\/1\/revisions"}],"predecessor-version":[{"id":211,"href":"https:\/\/amisdejaillans.fr\/index.php\/wp-json\/wp\/v2\/posts\/1\/revisions\/211"}],"wp:featuredmedia":[{"embeddable":true,"href":"https:\/\/amisdejaillans.fr\/index.php\/wp-json\/wp\/v2\/media\/21"}],"wp:attachment":[{"href":"https:\/\/amisdejaillans.fr\/index.php\/wp-json\/wp\/v2\/media?parent=1"}],"wp:term":[{"taxonomy":"category","embeddable":true,"href":"https:\/\/amisdejaillans.fr\/index.php\/wp-json\/wp\/v2\/categories?post=1"},{"taxonomy":"post_tag","embeddable":true,"href":"https:\/\/amisdejaillans.fr\/index.php\/wp-json\/wp\/v2\/tags?post=1"}],"curies":[{"name":"wp","href":"https:\/\/api.w.org\/{rel}","templated":true}]}}